{"id":5819,"date":"2023-07-31T11:24:03","date_gmt":"2023-07-31T17:24:03","guid":{"rendered":"https:\/\/www.esay.edu.mx\/wp\/?p=5819"},"modified":"2023-08-02T15:24:26","modified_gmt":"2023-08-02T21:24:26","slug":"inicia-primer-ciclo-escolar-de-la-universidad-de-las-artes-de-yucatan","status":"publish","type":"post","link":"https:\/\/www.esay.edu.mx\/wp\/2023\/07\/31\/inicia-primer-ciclo-escolar-de-la-universidad-de-las-artes-de-yucatan\/","title":{"rendered":"INICIA PRIMER CICLO ESCOLAR DE LA UNIVERSIDAD DE LAS ARTES DE YUCAT\u00c1N"},"content":{"rendered":"<p style=\"font-weight: 400;\">* Mayores servicios, mejora de infraestructura y m\u00e1s oportunidades para la profesionalizaci\u00f3n en la Danza, M\u00fasica, Teatro, Artes Visuales y pr\u00f3ximamente Cine en lo que fuera la ESAY<\/p>\n<p style=\"font-weight: 400;\">M\u00e9rida, Yucat\u00e1n, 31 de julio de 2023.- La Universidad de las Artes de Yucat\u00e1n inicia su primer ciclo escolar, luego de su trayecto de 19 a\u00f1os como Escuela Superior, durante el cual se reflejar\u00e1 su crecimiento en matr\u00edcula, herramientas y oportunidades acad\u00e9micas y art\u00edsticas para las 563 personas beneficiarias de sus planes y programas de estudio.<\/p>\n<p style=\"font-weight: 400;\">La titular de la casa de estudios, Mtra. Karla Berr\u00f3n C\u00e1mara, destac\u00f3 que tras su evoluci\u00f3n a universidad, la instituci\u00f3n vive un momento de crecimiento importante que se ver\u00e1 reflejado en el incremento en matr\u00edcula, servicios, infraestructura y dem\u00e1s beneficios para la comunidad y el p\u00fablico en general ya que, adem\u00e1s de los programas acad\u00e9micos, a lo largo del a\u00f1o se desarrollan diversos proyectos abiertos a la ciudadan\u00eda.<\/p>\n<p style=\"font-weight: 400;\">Detall\u00f3 que durante\u00a0este ciclo escolar 2023\u20132024 se \u00a0atender\u00e1 a 563 personas, 348 en el nivel profesional, 170 ni\u00f1as y ni\u00f1os en los talleres de formaci\u00f3n musical y 45 en los posgrados, lo cual representa un 40.68% m\u00e1s de beneficiarios en\u00a0 comparaci\u00f3n con el periodo anterior. Cabe mencionar que, en promedio, el 50% de la matr\u00edcula de la UNAY proviene de otros estados del pa\u00eds.<\/p>\n<p style=\"font-weight: 400;\">Estas nuevas generaciones al igual que sus predecesoras, a\u00f1adi\u00f3, ser\u00e1n formadas por artistas en activo, una de las grandes fortalezas de la instituci\u00f3n,\u00a0de los cuales 102 son nacionales y 27 internacionales, provenientes de\u00a0M\u00e9xico, Argentina, Armenia, Bulgaria, Colombia, Cuba, Espa\u00f1a, EUA, Georgia, Reino Unido, Italia, Rusia, Rep\u00fablica Dominicana, Panam\u00e1, Canad\u00e1, Uruguay, Venezuela, algunos de ellos miembros del Sistema Nacional de Investigadores y del Sistema Nacional de Creadores, todos artistas y acad\u00e9micos con importantes trayectorias.<\/p>\n<p style=\"font-weight: 400;\">Berr\u00f3n C\u00e1mara explic\u00f3 que la proyecci\u00f3n de personas beneficiadas para este ciclo escolar ser\u00e1 de m\u00e1s de 700, debido al crecimiento de la infraestructura, la cual incluye la\u00a0rehabilitaci\u00f3n y construcci\u00f3n de los edificios de Danza, Teatro, Artes Visuales y la nueva licenciatura en Cine pr\u00f3xima a aperturarse, todo esto con el objetivo de incrementar el nivel de la educaci\u00f3n art\u00edstica profesional en Yucat\u00e1n.<\/p>\n<p style=\"font-weight: 400;\">La acad\u00e9mica reiter\u00f3 el compromiso que tiene la UNAY, no s\u00f3lo con las generaciones entrantes sino con el Estado, por\u00a0desarrollar profesionistas e investigadores del arte con pensamiento cr\u00edtico y conciencia social, capaces de impulsar el crecimiento sostenible\u00a0de la regi\u00f3n de forma innovadora y sustentable, y as\u00ed preservar el prestigio que la ubica como opci\u00f3n l\u00edder de la misma a nivel superior en el campo de las artes.<\/p>\n<p style=\"font-weight: 400;\">Para finalizar, invit\u00f3 al p\u00fablico a acercarse a la instituci\u00f3n ya que no s\u00f3lo se ofrecen opciones a nivel profesional; tambi\u00e9n se cuenta con un departamento de Educaci\u00f3n Continua con cursos y talleres vigentes en arte e idiomas. Las y los interesados pueden consultar los detalles en el sitio oficial\u00a0<a href=\"http:\/\/www.esay.edu.mx\/\" data-saferedirecturl=\"https:\/\/www.google.com\/url?hl=es&amp;q=http:\/\/www.esay.edu.mx\/&amp;source=gmail&amp;ust=1691096914060000&amp;usg=AOvVaw2Krs_olIm3sLGYDr0PteO0\">www.esay.edu.mx<\/a>, a trav\u00e9s de las redes sociales de la UNAY, por tel\u00e9fono al (999) 930 14 90 o enviando un mensaje por Whatsapp al mismo n\u00famero.<\/p>\n<p><a href=\"https:\/\/www.esay.edu.mx\/wp\/wp-content\/uploads\/2023\/08\/1.jpg\"><img loading=\"lazy\" decoding=\"async\" class=\"aligncenter size-large wp-image-5820\" src=\"https:\/\/www.esay.edu.mx\/wp\/wp-content\/uploads\/2023\/08\/1-1024x682.jpg\" alt=\"\" width=\"1024\" height=\"682\" srcset=\"https:\/\/www.esay.edu.mx\/wp\/wp-content\/uploads\/2023\/08\/1-1024x682.jpg 1024w, https:\/\/www.esay.edu.mx\/wp\/wp-content\/uploads\/2023\/08\/1-300x200.jpg 300w, https:\/\/www.esay.edu.mx\/wp\/wp-content\/uploads\/2023\/08\/1-768x512.jpg 768w, https:\/\/www.esay.edu.mx\/wp\/wp-content\/uploads\/2023\/08\/1-700x466.jpg 700w, https:\/\/www.esay.edu.mx\/wp\/wp-content\/uploads\/2023\/08\/1.jpg 1280w\" sizes=\"auto, (max-width: 1024px) 100vw, 1024px\" \/><\/a><\/p>\n","protected":false},"excerpt":{"rendered":"<p>* Mayores servicios, mejora de infraestructura y m\u00e1s oportunidades para la profesionalizaci\u00f3n en la Danza, M\u00fasica, Teatro, Artes Visuales y pr\u00f3ximamente Cine en lo que fuera la ESAY M\u00e9rida, Yucat\u00e1n, 31 de julio de 2023.- La Universidad de las Artes de Yucat\u00e1n inicia su primer&#8230;<\/p>\n","protected":false},"author":3,"featured_media":0,"comment_status":"closed","ping_status":"open","sticky":false,"template":"","format":"standard","meta":{"footnotes":"","_links_to":"","_links_to_target":""},"categories":[2,3,5,6,8],"tags":[],"class_list":["post-5819","post","type-post","status-publish","format-standard","hentry","category-artes-musicales","category-artes-visuales","category-boletines","category-danza","category-teatro"],"_links":{"self":[{"href":"https:\/\/www.esay.edu.mx\/wp\/wp-json\/wp\/v2\/posts\/5819","targetHints":{"allow":["GET"]}}],"collection":[{"href":"https:\/\/www.esay.edu.mx\/wp\/wp-json\/wp\/v2\/posts"}],"about":[{"href":"https:\/\/www.esay.edu.mx\/wp\/wp-json\/wp\/v2\/types\/post"}],"author":[{"embeddable":true,"href":"https:\/\/www.esay.edu.mx\/wp\/wp-json\/wp\/v2\/users\/3"}],"replies":[{"embeddable":true,"href":"https:\/\/www.esay.edu.mx\/wp\/wp-json\/wp\/v2\/comments?post=5819"}],"version-history":[{"count":0,"href":"https:\/\/www.esay.edu.mx\/wp\/wp-json\/wp\/v2\/posts\/5819\/revisions"}],"wp:attachment":[{"href":"https:\/\/www.esay.edu.mx\/wp\/wp-json\/wp\/v2\/media?parent=5819"}],"wp:term":[{"taxonomy":"category","embeddable":true,"href":"https:\/\/www.esay.edu.mx\/wp\/wp-json\/wp\/v2\/categories?post=5819"},{"taxonomy":"post_tag","embeddable":true,"href":"https:\/\/www.esay.edu.mx\/wp\/wp-json\/wp\/v2\/tags?post=5819"}],"curies":[{"name":"wp","href":"https:\/\/api.w.org\/{rel}","templated":true}]}}