{"id":5817,"date":"2023-06-24T12:07:52","date_gmt":"2023-06-24T18:07:52","guid":{"rendered":"https:\/\/www.esay.edu.mx\/wp\/?p=5817"},"modified":"2023-08-02T15:08:05","modified_gmt":"2023-08-02T21:08:05","slug":"ninas-ninos-y-jovenes-yucatecos-celebran-cierres-de-ciclo-del-programa-de-formacion-musical-jose-jacinto-cuevas-de-la-unay","status":"publish","type":"post","link":"https:\/\/www.esay.edu.mx\/wp\/2023\/06\/24\/ninas-ninos-y-jovenes-yucatecos-celebran-cierres-de-ciclo-del-programa-de-formacion-musical-jose-jacinto-cuevas-de-la-unay\/","title":{"rendered":"Ni\u00f1as, ni\u00f1os y j\u00f3venes yucatecos celebran cierres de ciclo del Programa de Formaci\u00f3n Musical \u201cJos\u00e9 Jacinto Cuevas\u201d de la UNAY"},"content":{"rendered":"<p style=\"font-weight: 400;\">M\u00e9rida, Yucat\u00e1n, 24 de junio de 2023.- Ni\u00f1as, ni\u00f1os y j\u00f3venes pertenecientes al Programa de Formaci\u00f3n Musical \u201cJos\u00e9 Jacinto Cuevas\u201d de la Universidad de las Artes de Yucat\u00e1n celebraron sus cierres de ciclo con una serie de recitales y ceremonias acad\u00e9micas, destac\u00f3 el director de Artes Musicales de la casa de estudios, El\u00edas Puc S\u00e1nchez.<\/p>\n<p>&nbsp;<\/p>\n<p>El compositor agradeci\u00f3 a las familias yucatecas brindarle a sus hijas e hijos la oportunidad desde temprana edad de dominar un lenguaje universal como es la m\u00fasica, con lo que, adem\u00e1s de divertirse, incrementan su desarrollo integral, a trav\u00e9s del desarrollo de habilidades cognitivas y motoras.<\/p>\n<p>&nbsp;<\/p>\n<p>\u201cLas ni\u00f1as y los ni\u00f1os que aprenden el lenguaje musical tienen m\u00e1s y mejores herramientas para expresar sus emociones de manera adecuada, est\u00e1n m\u00e1s estimulados en cuanto a su creatividad, concentraci\u00f3n, disciplina y memoria, y adem\u00e1s son m\u00e1s receptivos al trabajo en equipo\u201d, destac\u00f3.<\/p>\n<p>&nbsp;<\/p>\n<p>Inform\u00f3 que, como parte de los cierres de ciclo, se desarrollaron nueve recitales en los que el estudiantado perteneciente a los niveles de\u00a0Iniciaci\u00f3n Musical de entre nueve y 12 a\u00f1os, Ciclo Proped\u00e9utico Intermedio con j\u00f3venes de entre 13 a 16 a\u00f1os y del Ciclo Proped\u00e9utico Avanzado de 16 a 18 a\u00f1os, demostr\u00f3 las habilidades y los conocimientos adquiridos.<\/p>\n<p>&nbsp;<\/p>\n<p>Coment\u00f3 que las ni\u00f1as y ni\u00f1os perteneciente al nivel de Sensibilizaci\u00f3n tambi\u00e9n concluyeron su a\u00f1o de manera exitosa con una peque\u00f1a muestra de lo aprendido en el semestre durante su ceremonia acad\u00e9mica, en la cual las y los siete graduados demostraron el conocimiento adquirido en las percusiones, el piano, la flauta y el viol\u00edn.<\/p>\n<p>&nbsp;<\/p>\n<p>A\u00f1adi\u00f3 que son 17 infantes los que dejan el nivel de\u00a0Iniciaci\u00f3n Musical, 12 los de Ciclo Proped\u00e9utico Intermedio y nueve del Ciclo Proped\u00e9utico Avanzado quienes tambi\u00e9n tuvieron una ceremonia a la cual asistieron acompa\u00f1ados de su instrumento y presentaron obras breves a sus amigas, amigos y familiares como muestra de su crecimiento formativo en las artes musicales para posteriormente recibir su constancia de conclusi\u00f3n al nivel perteneciente.<\/p>\n<p>&nbsp;<\/p>\n<p>En ese sentido, Puc S\u00e1nchez destac\u00f3 la importancia del Programa de Formaci\u00f3n Musical \u201cJos\u00e9 Jacinto Cuevas\u201d ya que funciona como semillero destacado en el Estado el cual cultiva desde la infancia habilidades y aptitudes que permiten una formaci\u00f3n profesional dentro de la m\u00fasica.<\/p>\n<p><a href=\"https:\/\/www.esay.edu.mx\/wp\/wp-content\/uploads\/2023\/08\/50c95f1d-7a16-499b-bbb5-4b83ea78993d.jpg\"><img loading=\"lazy\" decoding=\"async\" class=\"aligncenter size-large wp-image-5818\" src=\"https:\/\/www.esay.edu.mx\/wp\/wp-content\/uploads\/2023\/08\/50c95f1d-7a16-499b-bbb5-4b83ea78993d-1024x682.jpg\" alt=\"\" width=\"1024\" height=\"682\" srcset=\"https:\/\/www.esay.edu.mx\/wp\/wp-content\/uploads\/2023\/08\/50c95f1d-7a16-499b-bbb5-4b83ea78993d-1024x682.jpg 1024w, https:\/\/www.esay.edu.mx\/wp\/wp-content\/uploads\/2023\/08\/50c95f1d-7a16-499b-bbb5-4b83ea78993d-300x200.jpg 300w, https:\/\/www.esay.edu.mx\/wp\/wp-content\/uploads\/2023\/08\/50c95f1d-7a16-499b-bbb5-4b83ea78993d-768x512.jpg 768w, https:\/\/www.esay.edu.mx\/wp\/wp-content\/uploads\/2023\/08\/50c95f1d-7a16-499b-bbb5-4b83ea78993d-1536x1023.jpg 1536w, https:\/\/www.esay.edu.mx\/wp\/wp-content\/uploads\/2023\/08\/50c95f1d-7a16-499b-bbb5-4b83ea78993d-700x466.jpg 700w, https:\/\/www.esay.edu.mx\/wp\/wp-content\/uploads\/2023\/08\/50c95f1d-7a16-499b-bbb5-4b83ea78993d.jpg 1600w\" sizes=\"auto, (max-width: 1024px) 100vw, 1024px\" \/><\/a><\/p>\n","protected":false},"excerpt":{"rendered":"<p>M\u00e9rida, Yucat\u00e1n, 24 de junio de 2023.- Ni\u00f1as, ni\u00f1os y j\u00f3venes pertenecientes al Programa de Formaci\u00f3n Musical \u201cJos\u00e9 Jacinto Cuevas\u201d de la Universidad de las Artes de Yucat\u00e1n celebraron sus cierres de ciclo con una serie de recitales y ceremonias acad\u00e9micas, destac\u00f3 el director de&#8230;<\/p>\n","protected":false},"author":3,"featured_media":0,"comment_status":"closed","ping_status":"open","sticky":false,"template":"","format":"standard","meta":{"footnotes":"","_links_to":"","_links_to_target":""},"categories":[2,5],"tags":[],"class_list":["post-5817","post","type-post","status-publish","format-standard","hentry","category-artes-musicales","category-boletines"],"_links":{"self":[{"href":"https:\/\/www.esay.edu.mx\/wp\/wp-json\/wp\/v2\/posts\/5817","targetHints":{"allow":["GET"]}}],"collection":[{"href":"https:\/\/www.esay.edu.mx\/wp\/wp-json\/wp\/v2\/posts"}],"about":[{"href":"https:\/\/www.esay.edu.mx\/wp\/wp-json\/wp\/v2\/types\/post"}],"author":[{"embeddable":true,"href":"https:\/\/www.esay.edu.mx\/wp\/wp-json\/wp\/v2\/users\/3"}],"replies":[{"embeddable":true,"href":"https:\/\/www.esay.edu.mx\/wp\/wp-json\/wp\/v2\/comments?post=5817"}],"version-history":[{"count":0,"href":"https:\/\/www.esay.edu.mx\/wp\/wp-json\/wp\/v2\/posts\/5817\/revisions"}],"wp:attachment":[{"href":"https:\/\/www.esay.edu.mx\/wp\/wp-json\/wp\/v2\/media?parent=5817"}],"wp:term":[{"taxonomy":"category","embeddable":true,"href":"https:\/\/www.esay.edu.mx\/wp\/wp-json\/wp\/v2\/categories?post=5817"},{"taxonomy":"post_tag","embeddable":true,"href":"https:\/\/www.esay.edu.mx\/wp\/wp-json\/wp\/v2\/tags?post=5817"}],"curies":[{"name":"wp","href":"https:\/\/api.w.org\/{rel}","templated":true}]}}