{"id":4161,"date":"2020-09-23T08:44:14","date_gmt":"2020-09-23T13:44:14","guid":{"rendered":"http:\/\/www.esay.edu.mx\/wp\/?p=4161"},"modified":"2020-09-23T08:44:14","modified_gmt":"2020-09-23T13:44:14","slug":"sede-de-la-esay-cumple-100-anos","status":"publish","type":"post","link":"https:\/\/www.esay.edu.mx\/wp\/2020\/09\/23\/sede-de-la-esay-cumple-100-anos\/","title":{"rendered":"Sede de la ESAY cumple 100 a\u00f1os"},"content":{"rendered":"<p><a href=\"http:\/\/www.esay.edu.mx\/wp\/wp-content\/uploads\/2020\/09\/unnamed.jpg\"><img loading=\"lazy\" decoding=\"async\" class=\"alignnone size-full wp-image-4162\" src=\"http:\/\/www.esay.edu.mx\/wp\/wp-content\/uploads\/2020\/09\/unnamed.jpg\" alt=\"\" width=\"1280\" height=\"659\" srcset=\"https:\/\/www.esay.edu.mx\/wp\/wp-content\/uploads\/2020\/09\/unnamed.jpg 1280w, https:\/\/www.esay.edu.mx\/wp\/wp-content\/uploads\/2020\/09\/unnamed-300x154.jpg 300w, https:\/\/www.esay.edu.mx\/wp\/wp-content\/uploads\/2020\/09\/unnamed-1024x527.jpg 1024w, https:\/\/www.esay.edu.mx\/wp\/wp-content\/uploads\/2020\/09\/unnamed-768x395.jpg 768w, https:\/\/www.esay.edu.mx\/wp\/wp-content\/uploads\/2020\/09\/unnamed-700x360.jpg 700w\" sizes=\"auto, (max-width: 1280px) 100vw, 1280px\" \/><\/a><\/p>\n<p>&nbsp;<\/p>\n<p><strong>Sede de la ESAY cumple 100 a\u00f1os<\/strong><\/p>\n<p>&nbsp;<\/p>\n<p><em>En el marco del centenario de la antigua Estaci\u00f3n de Ferrocarriles de M\u00e9rida, la casa de estudios invita a una charla en l\u00ednea y dem\u00e1s actividades alusivas.<\/em><\/p>\n<p>&nbsp;<\/p>\n<p>M\u00e9rida, Yucat\u00e1n, 22 de septiembre de 2020.- La antigua Estaci\u00f3n de Ferrocarriles, sede principal de la Escuela Superior de Artes de Yucat\u00e1n (ESAY), cumple 100 a\u00f1os de inauguraci\u00f3n, por lo que diversas instituciones se han unido para presentar un programa de actividades conmemorativas, de acuerdo con la l\u00ednea de trabajo del Gobernador Mauricio Vila Dosal, a favor del rescate del patrimonio hist\u00f3rico y cultural de la entidad.<\/p>\n<p>&nbsp;<\/p>\n<p>El director General de la casa de estudios, Javier \u00c1lvarez Fuentes, asegur\u00f3 que est\u00e9 inmueble ha sido testigo hist\u00f3rico de la transformaci\u00f3n ferroviaria del nororiente de M\u00e9rida, de la lucha sindical y del socialismo, as\u00ed como del desarrollo del arte y la educaci\u00f3n desde 2004, a\u00f1o de la fundaci\u00f3n de la ESAY, instituci\u00f3n l\u00edder en el sureste del pa\u00eds en la formaci\u00f3n art\u00edstica.<\/p>\n<p>&nbsp;<\/p>\n<p>Destac\u00f3 que, este a\u00f1o, el lugar cumple su cent\u00e9simo aniversario, al igual que la ex estaci\u00f3n de trenes de Chapala, por lo que diversas instituciones como las Secretar\u00edas de la Cultura y las Artes de Yucat\u00e1n (Sedeculta) y de Jalisco, las universidades Aut\u00f3noma de Yucat\u00e1n (UADY) y la de Guadalajara (UDG), y el Centro Cultural \u201cGonz\u00e1lez Gallo\u201d de Chapala, suman esfuerzos para realizar una conmemoraci\u00f3n conjunta.<\/p>\n<p>&nbsp;<\/p>\n<p>Explic\u00f3 que se trata del proyecto \u201c100 del tren\u201d, creado por Alberto Paz Bustamante, estudiante de la Maestr\u00eda en Gesti\u00f3n y Desarrollo Cultural del Centro Universitario de Arte, Arquitectura y Dise\u00f1o de Guadalajara, que ser\u00e1 desarrollado tanto en M\u00e9rida como en Chapala durante octubre.<\/p>\n<p>&nbsp;<\/p>\n<p>Expuso que, en el caso de las jornadas en Yucat\u00e1n, se busca poner en relieve el impacto y trascendencia de las actividades ferroviaria, arquitect\u00f3nica, art\u00edstica, cultural y acad\u00e9mica del estado. Ante esto, se ha considerado la inserci\u00f3n de una serie de videos alusivos en las redes sociales de las instituciones participantes, un concurso de ilustraci\u00f3n infantil y el concierto\u00a0<em>Gala yucateca<\/em>, que ser\u00e1 grabado en la antigua estaci\u00f3n de trenes por la Sedeculta. Por parte de la ESAY, se ofrecer\u00e1 una charla en l\u00ednea sobre el tema.<\/p>\n<p>&nbsp;<\/p>\n<p>Inform\u00f3 que el mi\u00e9rcoles 23 de septiembre, a las 13:30 horas, el doctor Marco D\u00edaz G\u00fcemez, profesor de tiempo completo de la ESAY, dictar\u00e1 la conferencia virtual \u201c100 a\u00f1os de la Estaci\u00f3n Central de Ferrocarriles y el Sanatorio &#8216;Rend\u00f3n Peniche&#8217;\u201d, cuyo registro como asistente ser\u00e1 en el siguiente enlace:\u00a0<u>us02web.zoom.us\/&#8230;\/tZEkduChqTgiGdwVWBSZmpCbmbFi7<\/u>.<\/p>\n<p>&nbsp;<\/p>\n<p>En la charla, a\u00f1adi\u00f3 \u00c1lvarez Fuentes, se recordar\u00e1 la llegada del tren a M\u00e9rida, los detalles sobre el cambio de la Mejorada de barrio a suburbio, su analog\u00eda con el Paseo de Montejo, el control revolucionario de los ferrocarriles, el sindicalismo socialista, la propuesta del sanatorio \u201cRend\u00f3n Peniche\u201d, as\u00ed como la concepci\u00f3n formal del edificio, su estilo nacionalista y su impacto urbano, entre otros asuntos.<\/p>\n<p>&nbsp;<\/p>\n<p>De igual manera, invit\u00f3 a estudiantes de la instituci\u00f3n o residentes a grabar un peque\u00f1o video de felicitaci\u00f3n, an\u00e9cdota, recuerdo o historia, a fin de hacer m\u00e1s enriquecedora la conmemoraci\u00f3n. Para mayor informaci\u00f3n, est\u00e1 a disposici\u00f3n el correo\u00a0<u>vinculacion@esay.edu.mx<\/u>.<\/p>\n<p>&nbsp;<\/p>\n<p>&nbsp;<\/p>\n","protected":false},"excerpt":{"rendered":"<p>&nbsp; Sede de la ESAY cumple 100 a\u00f1os &nbsp; En el marco del centenario de la antigua Estaci\u00f3n de Ferrocarriles de M\u00e9rida, la casa de estudios invita a una charla en l\u00ednea y dem\u00e1s actividades alusivas. &nbsp; M\u00e9rida, Yucat\u00e1n, 22 de septiembre de 2020.- La&#8230;<\/p>\n","protected":false},"author":3,"featured_media":0,"comment_status":"closed","ping_status":"open","sticky":false,"template":"","format":"standard","meta":{"footnotes":"","_links_to":"","_links_to_target":""},"categories":[2,3,4,5,6,7,8],"tags":[],"class_list":["post-4161","post","type-post","status-publish","format-standard","hentry","category-artes-musicales","category-artes-visuales","category-avisos","category-boletines","category-danza","category-educacion-artistica","category-teatro"],"_links":{"self":[{"href":"https:\/\/www.esay.edu.mx\/wp\/wp-json\/wp\/v2\/posts\/4161","targetHints":{"allow":["GET"]}}],"collection":[{"href":"https:\/\/www.esay.edu.mx\/wp\/wp-json\/wp\/v2\/posts"}],"about":[{"href":"https:\/\/www.esay.edu.mx\/wp\/wp-json\/wp\/v2\/types\/post"}],"author":[{"embeddable":true,"href":"https:\/\/www.esay.edu.mx\/wp\/wp-json\/wp\/v2\/users\/3"}],"replies":[{"embeddable":true,"href":"https:\/\/www.esay.edu.mx\/wp\/wp-json\/wp\/v2\/comments?post=4161"}],"version-history":[{"count":0,"href":"https:\/\/www.esay.edu.mx\/wp\/wp-json\/wp\/v2\/posts\/4161\/revisions"}],"wp:attachment":[{"href":"https:\/\/www.esay.edu.mx\/wp\/wp-json\/wp\/v2\/media?parent=4161"}],"wp:term":[{"taxonomy":"category","embeddable":true,"href":"https:\/\/www.esay.edu.mx\/wp\/wp-json\/wp\/v2\/categories?post=4161"},{"taxonomy":"post_tag","embeddable":true,"href":"https:\/\/www.esay.edu.mx\/wp\/wp-json\/wp\/v2\/tags?post=4161"}],"curies":[{"name":"wp","href":"https:\/\/api.w.org\/{rel}","templated":true}]}}